 {"id":121,"date":"2009-11-03T13:49:59","date_gmt":"2009-11-03T12:49:59","guid":{"rendered":"http:\/\/rayuelainfancia.desarrollotrevenque.com\/blog\/ique-emocion\/"},"modified":"2016-12-14T10:26:42","modified_gmt":"2016-12-14T09:26:42","slug":"ique-emocion","status":"publish","type":"post","link":"https:\/\/www.rayuelainfancia.com\/blog\/ique-emocion\/","title":{"rendered":"\u00a1QU\u00c9 EMOCI\u00d3N?"},"content":{"rendered":"<p><img loading=\"lazy\" class=\" size-full wp-image-771\" style=\"border-image: initial; display: block; margin-left: auto; margin-right: auto; border-width: 1px; border-color: #000000; border-style: solid;\" src=\"http:\/\/rayuelainfancia.desarrollotrevenque.com\/blog\/wp-content\/uploads\/2009\/11\/que_emocion.jpg\" alt=\"que emocion\" width=\"250\" height=\"260\" \/><\/p>\n<p><span style=\"font-family: verdana, geneva; font-size: 10pt;\">Las sensaciones que tenemos de todo lo que acontece en nuestra vida, hace que nos sintamos de modo muy diferente: algunas veces, inc\u00f3modos; otras, furiosos, encantados, asombrados, mimosos, avergonzados, desesperados, impacientes, nerviosos, generosos, uf&#8230;. y en paralelo, todo nuestro cuerpo lo manifiesta: re\u00edmos, temblamos, saltamos, lloramos, nos paralizamos, miramos hacia el cielo, marchamos cabizbajos; sin embargo, nos cuesta poner en palabras todo lo que sentimos y atinar a decir lo que llevamos dentro.<\/span><\/p>\n<p><span style=\"font-family: verdana, geneva; font-size: 10pt;\"><strong>Qu\u00e9 emoci\u00f3n<\/strong> es un libro que nos ayuda a reflexionar sobre nuestras emociones.<\/span><\/p>\n<p><span style=\"font-family: verdana, geneva; font-size: 10pt;\">A trav\u00e9s de textos sencillos que describen lo que sentimos y una imagen visual que apoya a cada uno de ellos, hecha de fotograf\u00edas sugerentes, <strong>C\u00e9cile Gabriel<\/strong>, la autora-ilustradora, nos muestra&nbsp; 27 emociones f\u00e1cilmente reconocibles y consigue un efecto, a la vez sencillo y a la vez impactante, que obliga, a modo de juego, a fijar nuestra atenci\u00f3n en el libro y a pararnos a pensar sobre ellas, sobre aquellas sensaciones que corretean por nuestro interior.&nbsp;<\/span><\/p>\n<p><span style=\"font-family: verdana, geneva; font-size: 10pt;\">De esta bella&nbsp; edici\u00f3n se encarga <strong>ediciones S.M.<\/strong> y nosotros sugerimos su lectura desde los 5 hasta los 105 a\u00f1os de edad.<\/span><\/p>\n","protected":false},"excerpt":{"rendered":"<p>Las sensaciones que tenemos de todo lo que acontece en nuestra vida, hace que nos sintamos de modo muy diferente: algunas veces, inc\u00f3modos; otras, furiosos, encantados, asombrados, mimosos, avergonzados, desesperados, impacientes, nerviosos, generosos, uf&#8230;. y en paralelo, todo nuestro cuerpo lo manifiesta: re\u00edmos, temblamos, saltamos, lloramos, nos paralizamos, miramos hacia el cielo, marchamos cabizbajos; sin [&hellip;]<\/p>\n","protected":false},"author":3,"featured_media":771,"comment_status":"open","ping_status":"open","sticky":false,"template":"","format":"standard","meta":[],"categories":[18],"tags":[],"yoast_head":"<!-- This site is optimized with the Yoast SEO plugin v18.5.1 - https:\/\/yoast.com\/wordpress\/plugins\/seo\/ -->\n<title>\u00a1QU\u00c9 EMOCI\u00d3N? &#8902; Blog de Rayuelainfancia<\/title>\n<meta name=\"robots\" content=\"index, follow, max-snippet:-1, max-image-preview:large, max-video-preview:-1\" \/>\n<link rel=\"canonical\" href=\"https:\/\/www.rayuelainfancia.com\/blog\/ique-emocion\/\" \/>\n<meta property=\"og:locale\" content=\"es_ES\" \/>\n<meta property=\"og:type\" content=\"article\" \/>\n<meta property=\"og:title\" content=\"\u00a1QU\u00c9 EMOCI\u00d3N? &#8902; Blog de Rayuelainfancia\" \/>\n<meta property=\"og:description\" content=\"Las sensaciones que tenemos de todo lo que acontece en nuestra vida, hace que nos sintamos de modo muy diferente: algunas veces, inc\u00f3modos; otras, furiosos, encantados, asombrados, mimosos, avergonzados, desesperados, impacientes, nerviosos, generosos, uf&#8230;. y en paralelo, todo nuestro cuerpo lo manifiesta: re\u00edmos, temblamos, saltamos, lloramos, nos paralizamos, miramos hacia el cielo, marchamos cabizbajos; sin [&hellip;]\" \/>\n<meta property=\"og:url\" content=\"https:\/\/www.rayuelainfancia.com\/blog\/ique-emocion\/\" \/>\n<meta property=\"og:site_name\" content=\"Blog de Rayuelainfancia\" \/>\n<meta property=\"article:publisher\" content=\"https:\/\/www.facebook.com\/pages\/Librer\u00eda-Rayuela\/251861686361\" \/>\n<meta property=\"article:published_time\" content=\"2009-11-03T12:49:59+00:00\" \/>\n<meta property=\"article:modified_time\" content=\"2016-12-14T09:26:42+00:00\" \/>\n<meta property=\"og:image\" content=\"https:\/\/www.rayuelainfancia.com\/blog\/wp-content\/uploads\/2009\/11\/que_emocion.jpg\" \/>\n\t<meta property=\"og:image:width\" content=\"250\" \/>\n\t<meta property=\"og:image:height\" content=\"260\" \/>\n\t<meta property=\"og:image:type\" content=\"image\/jpeg\" \/>\n<meta name=\"twitter:card\" content=\"summary\" \/>\n<meta name=\"twitter:creator\" content=\"@Rayuelainfancia\" \/>\n<meta name=\"twitter:site\" content=\"@Rayuelainfancia\" \/>\n<meta name=\"twitter:label1\" content=\"Written by\" \/>\n\t<meta name=\"twitter:data1\" content=\"Miguel Escalera Nieto\" \/>\n\t<meta name=\"twitter:label2\" content=\"Est. reading time\" \/>\n\t<meta name=\"twitter:data2\" content=\"1 minuto\" \/>\n<script type=\"application\/ld+json\" class=\"yoast-schema-graph\">{\"@context\":\"https:\/\/schema.org\",\"@graph\":[{\"@type\":\"Organization\",\"@id\":\"https:\/\/www.rayuelainfancia.com\/blog\/#organization\",\"name\":\"Rayuelainfancia\",\"url\":\"https:\/\/www.rayuelainfancia.com\/blog\/\",\"sameAs\":[\"https:\/\/www.facebook.com\/pages\/Librer\u00eda-Rayuela\/251861686361\",\"https:\/\/www.youtube.com\/channel\/UCddVaoDjpTp-DexyEVoyazQ\",\"https:\/\/twitter.com\/Rayuelainfancia\"],\"logo\":{\"@type\":\"ImageObject\",\"@id\":\"https:\/\/www.rayuelainfancia.com\/blog\/#logo\",\"inLanguage\":\"es\",\"url\":\"https:\/\/www.rayuelainfancia.com\/blog\/wp-content\/uploads\/2018\/06\/logo-rayuelainfancia-color-corporativo.png\",\"contentUrl\":\"https:\/\/www.rayuelainfancia.com\/blog\/wp-content\/uploads\/2018\/06\/logo-rayuelainfancia-color-corporativo.png\",\"width\":1200,\"height\":680,\"caption\":\"Rayuelainfancia\"},\"image\":{\"@id\":\"https:\/\/www.rayuelainfancia.com\/blog\/#logo\"}},{\"@type\":\"WebSite\",\"@id\":\"https:\/\/www.rayuelainfancia.com\/blog\/#website\",\"url\":\"https:\/\/www.rayuelainfancia.com\/blog\/\",\"name\":\"Blog de Rayuelainfancia\",\"description\":\"Libros infantiles y juegos educaticos respestuosos con la infancia\",\"publisher\":{\"@id\":\"https:\/\/www.rayuelainfancia.com\/blog\/#organization\"},\"potentialAction\":[{\"@type\":\"SearchAction\",\"target\":{\"@type\":\"EntryPoint\",\"urlTemplate\":\"https:\/\/www.rayuelainfancia.com\/blog\/?s={search_term_string}\"},\"query-input\":\"required name=search_term_string\"}],\"inLanguage\":\"es\"},{\"@type\":\"ImageObject\",\"@id\":\"https:\/\/www.rayuelainfancia.com\/blog\/ique-emocion\/#primaryimage\",\"inLanguage\":\"es\",\"url\":\"https:\/\/www.rayuelainfancia.com\/blog\/wp-content\/uploads\/2009\/11\/que_emocion.jpg\",\"contentUrl\":\"https:\/\/www.rayuelainfancia.com\/blog\/wp-content\/uploads\/2009\/11\/que_emocion.jpg\",\"width\":250,\"height\":260,\"caption\":\"que emocion\"},{\"@type\":\"WebPage\",\"@id\":\"https:\/\/www.rayuelainfancia.com\/blog\/ique-emocion\/#webpage\",\"url\":\"https:\/\/www.rayuelainfancia.com\/blog\/ique-emocion\/\",\"name\":\"\u00a1QU\u00c9 EMOCI\u00d3N? &#8902; Blog de Rayuelainfancia\",\"isPartOf\":{\"@id\":\"https:\/\/www.rayuelainfancia.com\/blog\/#website\"},\"primaryImageOfPage\":{\"@id\":\"https:\/\/www.rayuelainfancia.com\/blog\/ique-emocion\/#primaryimage\"},\"datePublished\":\"2009-11-03T12:49:59+00:00\",\"dateModified\":\"2016-12-14T09:26:42+00:00\",\"breadcrumb\":{\"@id\":\"https:\/\/www.rayuelainfancia.com\/blog\/ique-emocion\/#breadcrumb\"},\"inLanguage\":\"es\",\"potentialAction\":[{\"@type\":\"ReadAction\",\"target\":[\"https:\/\/www.rayuelainfancia.com\/blog\/ique-emocion\/\"]}]},{\"@type\":\"BreadcrumbList\",\"@id\":\"https:\/\/www.rayuelainfancia.com\/blog\/ique-emocion\/#breadcrumb\",\"itemListElement\":[{\"@type\":\"ListItem\",\"position\":1,\"name\":\"Portada\",\"item\":\"https:\/\/www.rayuelainfancia.com\/blog\/\"},{\"@type\":\"ListItem\",\"position\":2,\"name\":\"\u00a1QU\u00c9 EMOCI\u00d3N?\"}]},{\"@type\":\"Article\",\"@id\":\"https:\/\/www.rayuelainfancia.com\/blog\/ique-emocion\/#article\",\"isPartOf\":{\"@id\":\"https:\/\/www.rayuelainfancia.com\/blog\/ique-emocion\/#webpage\"},\"author\":{\"@id\":\"https:\/\/www.rayuelainfancia.com\/blog\/#\/schema\/person\/41147ec5e3c2cc1be6e2c4520a099ebb\"},\"headline\":\"\u00a1QU\u00c9 EMOCI\u00d3N?\",\"datePublished\":\"2009-11-03T12:49:59+00:00\",\"dateModified\":\"2016-12-14T09:26:42+00:00\",\"mainEntityOfPage\":{\"@id\":\"https:\/\/www.rayuelainfancia.com\/blog\/ique-emocion\/#webpage\"},\"wordCount\":198,\"commentCount\":0,\"publisher\":{\"@id\":\"https:\/\/www.rayuelainfancia.com\/blog\/#organization\"},\"image\":{\"@id\":\"https:\/\/www.rayuelainfancia.com\/blog\/ique-emocion\/#primaryimage\"},\"thumbnailUrl\":\"https:\/\/www.rayuelainfancia.com\/blog\/wp-content\/uploads\/2009\/11\/que_emocion.jpg\",\"articleSection\":[\"Actividades Cuentacuentos\"],\"inLanguage\":\"es\",\"potentialAction\":[{\"@type\":\"CommentAction\",\"name\":\"Comment\",\"target\":[\"https:\/\/www.rayuelainfancia.com\/blog\/ique-emocion\/#respond\"]}]},{\"@type\":\"Person\",\"@id\":\"https:\/\/www.rayuelainfancia.com\/blog\/#\/schema\/person\/41147ec5e3c2cc1be6e2c4520a099ebb\",\"name\":\"Miguel Escalera Nieto\",\"image\":{\"@type\":\"ImageObject\",\"@id\":\"https:\/\/www.rayuelainfancia.com\/blog\/#personlogo\",\"inLanguage\":\"es\",\"url\":\"https:\/\/secure.gravatar.com\/avatar\/73bd613c804680e46df318e272f0e837?s=96&d=mm&r=g\",\"contentUrl\":\"https:\/\/secure.gravatar.com\/avatar\/73bd613c804680e46df318e272f0e837?s=96&d=mm&r=g\",\"caption\":\"Miguel Escalera Nieto\"}}]}<\/script>\n<!-- \/ Yoast SEO plugin. -->","yoast_head_json":{"title":"\u00a1QU\u00c9 EMOCI\u00d3N? &#8902; Blog de Rayuelainfancia","robots":{"index":"index","follow":"follow","max-snippet":"max-snippet:-1","max-image-preview":"max-image-preview:large","max-video-preview":"max-video-preview:-1"},"canonical":"https:\/\/www.rayuelainfancia.com\/blog\/ique-emocion\/","og_locale":"es_ES","og_type":"article","og_title":"\u00a1QU\u00c9 EMOCI\u00d3N? &#8902; Blog de Rayuelainfancia","og_description":"Las sensaciones que tenemos de todo lo que acontece en nuestra vida, hace que nos sintamos de modo muy diferente: algunas veces, inc\u00f3modos; otras, furiosos, encantados, asombrados, mimosos, avergonzados, desesperados, impacientes, nerviosos, generosos, uf&#8230;. y en paralelo, todo nuestro cuerpo lo manifiesta: re\u00edmos, temblamos, saltamos, lloramos, nos paralizamos, miramos hacia el cielo, marchamos cabizbajos; sin [&hellip;]","og_url":"https:\/\/www.rayuelainfancia.com\/blog\/ique-emocion\/","og_site_name":"Blog de Rayuelainfancia","article_publisher":"https:\/\/www.facebook.com\/pages\/Librer\u00eda-Rayuela\/251861686361","article_published_time":"2009-11-03T12:49:59+00:00","article_modified_time":"2016-12-14T09:26:42+00:00","og_image":[{"width":250,"height":260,"url":"https:\/\/www.rayuelainfancia.com\/blog\/wp-content\/uploads\/2009\/11\/que_emocion.jpg","type":"image\/jpeg"}],"twitter_card":"summary","twitter_creator":"@Rayuelainfancia","twitter_site":"@Rayuelainfancia","twitter_misc":{"Written by":"Miguel Escalera Nieto","Est. reading time":"1 minuto"},"schema":{"@context":"https:\/\/schema.org","@graph":[{"@type":"Organization","@id":"https:\/\/www.rayuelainfancia.com\/blog\/#organization","name":"Rayuelainfancia","url":"https:\/\/www.rayuelainfancia.com\/blog\/","sameAs":["https:\/\/www.facebook.com\/pages\/Librer\u00eda-Rayuela\/251861686361","https:\/\/www.youtube.com\/channel\/UCddVaoDjpTp-DexyEVoyazQ","https:\/\/twitter.com\/Rayuelainfancia"],"logo":{"@type":"ImageObject","@id":"https:\/\/www.rayuelainfancia.com\/blog\/#logo","inLanguage":"es","url":"https:\/\/www.rayuelainfancia.com\/blog\/wp-content\/uploads\/2018\/06\/logo-rayuelainfancia-color-corporativo.png","contentUrl":"https:\/\/www.rayuelainfancia.com\/blog\/wp-content\/uploads\/2018\/06\/logo-rayuelainfancia-color-corporativo.png","width":1200,"height":680,"caption":"Rayuelainfancia"},"image":{"@id":"https:\/\/www.rayuelainfancia.com\/blog\/#logo"}},{"@type":"WebSite","@id":"https:\/\/www.rayuelainfancia.com\/blog\/#website","url":"https:\/\/www.rayuelainfancia.com\/blog\/","name":"Blog de Rayuelainfancia","description":"Libros infantiles y juegos educaticos respestuosos con la infancia","publisher":{"@id":"https:\/\/www.rayuelainfancia.com\/blog\/#organization"},"potentialAction":[{"@type":"SearchAction","target":{"@type":"EntryPoint","urlTemplate":"https:\/\/www.rayuelainfancia.com\/blog\/?s={search_term_string}"},"query-input":"required name=search_term_string"}],"inLanguage":"es"},{"@type":"ImageObject","@id":"https:\/\/www.rayuelainfancia.com\/blog\/ique-emocion\/#primaryimage","inLanguage":"es","url":"https:\/\/www.rayuelainfancia.com\/blog\/wp-content\/uploads\/2009\/11\/que_emocion.jpg","contentUrl":"https:\/\/www.rayuelainfancia.com\/blog\/wp-content\/uploads\/2009\/11\/que_emocion.jpg","width":250,"height":260,"caption":"que emocion"},{"@type":"WebPage","@id":"https:\/\/www.rayuelainfancia.com\/blog\/ique-emocion\/#webpage","url":"https:\/\/www.rayuelainfancia.com\/blog\/ique-emocion\/","name":"\u00a1QU\u00c9 EMOCI\u00d3N? &#8902; Blog de Rayuelainfancia","isPartOf":{"@id":"https:\/\/www.rayuelainfancia.com\/blog\/#website"},"primaryImageOfPage":{"@id":"https:\/\/www.rayuelainfancia.com\/blog\/ique-emocion\/#primaryimage"},"datePublished":"2009-11-03T12:49:59+00:00","dateModified":"2016-12-14T09:26:42+00:00","breadcrumb":{"@id":"https:\/\/www.rayuelainfancia.com\/blog\/ique-emocion\/#breadcrumb"},"inLanguage":"es","potentialAction":[{"@type":"ReadAction","target":["https:\/\/www.rayuelainfancia.com\/blog\/ique-emocion\/"]}]},{"@type":"BreadcrumbList","@id":"https:\/\/www.rayuelainfancia.com\/blog\/ique-emocion\/#breadcrumb","itemListElement":[{"@type":"ListItem","position":1,"name":"Portada","item":"https:\/\/www.rayuelainfancia.com\/blog\/"},{"@type":"ListItem","position":2,"name":"\u00a1QU\u00c9 EMOCI\u00d3N?"}]},{"@type":"Article","@id":"https:\/\/www.rayuelainfancia.com\/blog\/ique-emocion\/#article","isPartOf":{"@id":"https:\/\/www.rayuelainfancia.com\/blog\/ique-emocion\/#webpage"},"author":{"@id":"https:\/\/www.rayuelainfancia.com\/blog\/#\/schema\/person\/41147ec5e3c2cc1be6e2c4520a099ebb"},"headline":"\u00a1QU\u00c9 EMOCI\u00d3N?","datePublished":"2009-11-03T12:49:59+00:00","dateModified":"2016-12-14T09:26:42+00:00","mainEntityOfPage":{"@id":"https:\/\/www.rayuelainfancia.com\/blog\/ique-emocion\/#webpage"},"wordCount":198,"commentCount":0,"publisher":{"@id":"https:\/\/www.rayuelainfancia.com\/blog\/#organization"},"image":{"@id":"https:\/\/www.rayuelainfancia.com\/blog\/ique-emocion\/#primaryimage"},"thumbnailUrl":"https:\/\/www.rayuelainfancia.com\/blog\/wp-content\/uploads\/2009\/11\/que_emocion.jpg","articleSection":["Actividades Cuentacuentos"],"inLanguage":"es","potentialAction":[{"@type":"CommentAction","name":"Comment","target":["https:\/\/www.rayuelainfancia.com\/blog\/ique-emocion\/#respond"]}]},{"@type":"Person","@id":"https:\/\/www.rayuelainfancia.com\/blog\/#\/schema\/person\/41147ec5e3c2cc1be6e2c4520a099ebb","name":"Miguel Escalera Nieto","image":{"@type":"ImageObject","@id":"https:\/\/www.rayuelainfancia.com\/blog\/#personlogo","inLanguage":"es","url":"https:\/\/secure.gravatar.com\/avatar\/73bd613c804680e46df318e272f0e837?s=96&d=mm&r=g","contentUrl":"https:\/\/secure.gravatar.com\/avatar\/73bd613c804680e46df318e272f0e837?s=96&d=mm&r=g","caption":"Miguel Escalera Nieto"}}]}},"_links":{"self":[{"href":"https:\/\/www.rayuelainfancia.com\/blog\/wp-json\/wp\/v2\/posts\/121"}],"collection":[{"href":"https:\/\/www.rayuelainfancia.com\/blog\/wp-json\/wp\/v2\/posts"}],"about":[{"href":"https:\/\/www.rayuelainfancia.com\/blog\/wp-json\/wp\/v2\/types\/post"}],"author":[{"embeddable":true,"href":"https:\/\/www.rayuelainfancia.com\/blog\/wp-json\/wp\/v2\/users\/3"}],"replies":[{"embeddable":true,"href":"https:\/\/www.rayuelainfancia.com\/blog\/wp-json\/wp\/v2\/comments?post=121"}],"version-history":[{"count":1,"href":"https:\/\/www.rayuelainfancia.com\/blog\/wp-json\/wp\/v2\/posts\/121\/revisions"}],"predecessor-version":[{"id":1155,"href":"https:\/\/www.rayuelainfancia.com\/blog\/wp-json\/wp\/v2\/posts\/121\/revisions\/1155"}],"wp:featuredmedia":[{"embeddable":true,"href":"https:\/\/www.rayuelainfancia.com\/blog\/wp-json\/wp\/v2\/media\/771"}],"wp:attachment":[{"href":"https:\/\/www.rayuelainfancia.com\/blog\/wp-json\/wp\/v2\/media?parent=121"}],"wp:term":[{"taxonomy":"category","embeddable":true,"href":"https:\/\/www.rayuelainfancia.com\/blog\/wp-json\/wp\/v2\/categories?post=121"},{"taxonomy":"post_tag","embeddable":true,"href":"https:\/\/www.rayuelainfancia.com\/blog\/wp-json\/wp\/v2\/tags?post=121"}],"curies":[{"name":"wp","href":"https:\/\/api.w.org\/{rel}","templated":true}]}}