 {"id":120,"date":"2009-11-03T13:44:36","date_gmt":"2009-11-03T12:44:36","guid":{"rendered":"http:\/\/rayuelainfancia.desarrollotrevenque.com\/blog\/p-de-papa\/"},"modified":"2016-11-22T14:40:00","modified_gmt":"2016-11-22T13:40:00","slug":"p-de-papa","status":"publish","type":"post","link":"https:\/\/www.rayuelainfancia.com\/blog\/p-de-papa\/","title":{"rendered":"P DE PAP\u00c1"},"content":{"rendered":"<p>P de Pap\u00e1 es un \u00e1lbum ilustrado que nos cuenta las m\u00faltiples facetas que una persona asume en el rol de padre. Los pap\u00e1s pueden convertirse en gr\u00faas cuando necesitamos que nos saquen de un apuro; en tractores, cuando necesitamos que nos lleven a cuesta; en ambulancia, cuando estamos enfermos; en abrigo, cuando necesitamos que nos arropen; en escalera, cuando nos ayudan a escalar y tocar las estrellas del cielo&#8230;<\/p>\n<p><!--more--><\/p>\n<p>Isabel Martins nos escribe este texto tan sencillo como sugerente que se funde en las ilustraciones de Bernardo Carvalho. Los dos portugueses han sabido realizar un conjunto tan cohexionado que parece la obra de una sola persona.<\/p>\n<p>Este libro ha obtenido Menci\u00f3n Especial en el premio Nacional de Ilustraci\u00f3n 2006 en Portugal y en el certamen \u00abLos libros mejor dise\u00f1ados en todo el mundo\u00bb, celebrado en Alemania.<\/p>\n<p>Kalandraka edita este libro tan apetecible como emotivo que recomendamos para todas y para todos, para todos los padres y para todos los hijos, porque&#8230;<\/p>\n<p>En fin, un pap\u00e1 es un pap\u00e1 \u00abpara todo\u00bb all\u00ed donde se encuentre, o al menos eso es lo que queremos todos, los ni\u00f1os y los no tan ni\u00f1os de este mundo, pues aunque los pap\u00e1s est\u00e9n ya en otro planeta o en otra dimensi\u00f3n, a\u00fan necesitamos oler su aroma y sentir su protecci\u00f3n.<\/p>\n<p><span style=\"font-size: 10pt; font-family: verdana, geneva;\">\u00a0<div id=\"product_list\" class=\"row\"><div class=\"col-xs-6 col-sm-6 col-md-6 col-lg-4 item-product\">\n            <div class=\"product-list text-center\">\n                <p>\n                    <a class=\"product-blog-link\" href=\"https:\/\/www.rayuelainfancia.com\/album-ilustrado\/602-p-de-papa.html?utm_campaign=productBlogPost\" title=\"P DE PAP  \">\n                        <img src=\"\/\/www.rayuelainfancia.com\/4528-home_default\/p-de-papa.jpg\" alt=\"P DE PAP  \" class=\"img-responsive\"><span>P DE PAP\u00c1<\/span><\/a>\n                <\/p>\n            <\/div>\n\n            <div class=\"acciones text-center\">\n                \n                <p class=\"price\">14,00 \u20ac<\/p>\n            <\/div>\n        <\/div><\/div><\/span><\/p>\n","protected":false},"excerpt":{"rendered":"<p>P de Pap\u00e1 es un \u00e1lbum ilustrado que nos cuenta las m\u00faltiples facetas que una persona asume en el rol de padre. Los pap\u00e1s pueden convertirse en gr\u00faas cuando necesitamos que nos saquen de un apuro; en tractores, cuando necesitamos que nos lleven a cuesta; en ambulancia, cuando estamos enfermos; en abrigo, cuando necesitamos que [&hellip;]<\/p>\n","protected":false},"author":3,"featured_media":1309,"comment_status":"open","ping_status":"open","sticky":false,"template":"","format":"standard","meta":[],"categories":[18],"tags":[],"yoast_head":"<!-- This site is optimized with the Yoast SEO plugin v18.5.1 - https:\/\/yoast.com\/wordpress\/plugins\/seo\/ -->\n<title>P DE PAP\u00c1 &#8902; Blog de Rayuelainfancia<\/title>\n<meta name=\"robots\" content=\"index, follow, max-snippet:-1, max-image-preview:large, max-video-preview:-1\" \/>\n<link rel=\"canonical\" href=\"https:\/\/www.rayuelainfancia.com\/blog\/p-de-papa\/\" \/>\n<meta property=\"og:locale\" content=\"es_ES\" \/>\n<meta property=\"og:type\" content=\"article\" \/>\n<meta property=\"og:title\" content=\"P DE PAP\u00c1 &#8902; Blog de Rayuelainfancia\" \/>\n<meta property=\"og:description\" content=\"P de Pap\u00e1 es un \u00e1lbum ilustrado que nos cuenta las m\u00faltiples facetas que una persona asume en el rol de padre. Los pap\u00e1s pueden convertirse en gr\u00faas cuando necesitamos que nos saquen de un apuro; en tractores, cuando necesitamos que nos lleven a cuesta; en ambulancia, cuando estamos enfermos; en abrigo, cuando necesitamos que [&hellip;]\" \/>\n<meta property=\"og:url\" content=\"https:\/\/www.rayuelainfancia.com\/blog\/p-de-papa\/\" \/>\n<meta property=\"og:site_name\" content=\"Blog de Rayuelainfancia\" \/>\n<meta property=\"article:publisher\" content=\"https:\/\/www.facebook.com\/pages\/Librer\u00eda-Rayuela\/251861686361\" \/>\n<meta property=\"article:published_time\" content=\"2009-11-03T12:44:36+00:00\" \/>\n<meta property=\"article:modified_time\" content=\"2016-11-22T13:40:00+00:00\" \/>\n<meta property=\"og:image\" content=\"https:\/\/www.rayuelainfancia.com\/blog\/wp-content\/uploads\/2009\/11\/p-de-papa.jpeg\" \/>\n\t<meta property=\"og:image:width\" content=\"800\" \/>\n\t<meta property=\"og:image:height\" content=\"800\" \/>\n\t<meta property=\"og:image:type\" content=\"image\/jpeg\" \/>\n<meta name=\"twitter:card\" content=\"summary\" \/>\n<meta name=\"twitter:creator\" content=\"@Rayuelainfancia\" \/>\n<meta name=\"twitter:site\" content=\"@Rayuelainfancia\" \/>\n<meta name=\"twitter:label1\" content=\"Written by\" \/>\n\t<meta name=\"twitter:data1\" content=\"Miguel Escalera Nieto\" \/>\n\t<meta name=\"twitter:label2\" content=\"Est. reading time\" \/>\n\t<meta name=\"twitter:data2\" content=\"1 minuto\" \/>\n<script type=\"application\/ld+json\" class=\"yoast-schema-graph\">{\"@context\":\"https:\/\/schema.org\",\"@graph\":[{\"@type\":\"Organization\",\"@id\":\"https:\/\/www.rayuelainfancia.com\/blog\/#organization\",\"name\":\"Rayuelainfancia\",\"url\":\"https:\/\/www.rayuelainfancia.com\/blog\/\",\"sameAs\":[\"https:\/\/www.facebook.com\/pages\/Librer\u00eda-Rayuela\/251861686361\",\"https:\/\/www.youtube.com\/channel\/UCddVaoDjpTp-DexyEVoyazQ\",\"https:\/\/twitter.com\/Rayuelainfancia\"],\"logo\":{\"@type\":\"ImageObject\",\"@id\":\"https:\/\/www.rayuelainfancia.com\/blog\/#logo\",\"inLanguage\":\"es\",\"url\":\"https:\/\/www.rayuelainfancia.com\/blog\/wp-content\/uploads\/2018\/06\/logo-rayuelainfancia-color-corporativo.png\",\"contentUrl\":\"https:\/\/www.rayuelainfancia.com\/blog\/wp-content\/uploads\/2018\/06\/logo-rayuelainfancia-color-corporativo.png\",\"width\":1200,\"height\":680,\"caption\":\"Rayuelainfancia\"},\"image\":{\"@id\":\"https:\/\/www.rayuelainfancia.com\/blog\/#logo\"}},{\"@type\":\"WebSite\",\"@id\":\"https:\/\/www.rayuelainfancia.com\/blog\/#website\",\"url\":\"https:\/\/www.rayuelainfancia.com\/blog\/\",\"name\":\"Blog de Rayuelainfancia\",\"description\":\"Libros infantiles y juegos educaticos respestuosos con la infancia\",\"publisher\":{\"@id\":\"https:\/\/www.rayuelainfancia.com\/blog\/#organization\"},\"potentialAction\":[{\"@type\":\"SearchAction\",\"target\":{\"@type\":\"EntryPoint\",\"urlTemplate\":\"https:\/\/www.rayuelainfancia.com\/blog\/?s={search_term_string}\"},\"query-input\":\"required name=search_term_string\"}],\"inLanguage\":\"es\"},{\"@type\":\"ImageObject\",\"@id\":\"https:\/\/www.rayuelainfancia.com\/blog\/p-de-papa\/#primaryimage\",\"inLanguage\":\"es\",\"url\":\"https:\/\/www.rayuelainfancia.com\/blog\/wp-content\/uploads\/2009\/11\/p-de-papa.jpeg\",\"contentUrl\":\"https:\/\/www.rayuelainfancia.com\/blog\/wp-content\/uploads\/2009\/11\/p-de-papa.jpeg\",\"width\":800,\"height\":800},{\"@type\":\"WebPage\",\"@id\":\"https:\/\/www.rayuelainfancia.com\/blog\/p-de-papa\/#webpage\",\"url\":\"https:\/\/www.rayuelainfancia.com\/blog\/p-de-papa\/\",\"name\":\"P DE PAP\u00c1 &#8902; Blog de Rayuelainfancia\",\"isPartOf\":{\"@id\":\"https:\/\/www.rayuelainfancia.com\/blog\/#website\"},\"primaryImageOfPage\":{\"@id\":\"https:\/\/www.rayuelainfancia.com\/blog\/p-de-papa\/#primaryimage\"},\"datePublished\":\"2009-11-03T12:44:36+00:00\",\"dateModified\":\"2016-11-22T13:40:00+00:00\",\"breadcrumb\":{\"@id\":\"https:\/\/www.rayuelainfancia.com\/blog\/p-de-papa\/#breadcrumb\"},\"inLanguage\":\"es\",\"potentialAction\":[{\"@type\":\"ReadAction\",\"target\":[\"https:\/\/www.rayuelainfancia.com\/blog\/p-de-papa\/\"]}]},{\"@type\":\"BreadcrumbList\",\"@id\":\"https:\/\/www.rayuelainfancia.com\/blog\/p-de-papa\/#breadcrumb\",\"itemListElement\":[{\"@type\":\"ListItem\",\"position\":1,\"name\":\"Portada\",\"item\":\"https:\/\/www.rayuelainfancia.com\/blog\/\"},{\"@type\":\"ListItem\",\"position\":2,\"name\":\"P DE PAP\u00c1\"}]},{\"@type\":\"Article\",\"@id\":\"https:\/\/www.rayuelainfancia.com\/blog\/p-de-papa\/#article\",\"isPartOf\":{\"@id\":\"https:\/\/www.rayuelainfancia.com\/blog\/p-de-papa\/#webpage\"},\"author\":{\"@id\":\"https:\/\/www.rayuelainfancia.com\/blog\/#\/schema\/person\/41147ec5e3c2cc1be6e2c4520a099ebb\"},\"headline\":\"P DE PAP\u00c1\",\"datePublished\":\"2009-11-03T12:44:36+00:00\",\"dateModified\":\"2016-11-22T13:40:00+00:00\",\"mainEntityOfPage\":{\"@id\":\"https:\/\/www.rayuelainfancia.com\/blog\/p-de-papa\/#webpage\"},\"wordCount\":234,\"commentCount\":0,\"publisher\":{\"@id\":\"https:\/\/www.rayuelainfancia.com\/blog\/#organization\"},\"image\":{\"@id\":\"https:\/\/www.rayuelainfancia.com\/blog\/p-de-papa\/#primaryimage\"},\"thumbnailUrl\":\"https:\/\/www.rayuelainfancia.com\/blog\/wp-content\/uploads\/2009\/11\/p-de-papa.jpeg\",\"articleSection\":[\"Actividades Cuentacuentos\"],\"inLanguage\":\"es\",\"potentialAction\":[{\"@type\":\"CommentAction\",\"name\":\"Comment\",\"target\":[\"https:\/\/www.rayuelainfancia.com\/blog\/p-de-papa\/#respond\"]}]},{\"@type\":\"Person\",\"@id\":\"https:\/\/www.rayuelainfancia.com\/blog\/#\/schema\/person\/41147ec5e3c2cc1be6e2c4520a099ebb\",\"name\":\"Miguel Escalera Nieto\",\"image\":{\"@type\":\"ImageObject\",\"@id\":\"https:\/\/www.rayuelainfancia.com\/blog\/#personlogo\",\"inLanguage\":\"es\",\"url\":\"https:\/\/secure.gravatar.com\/avatar\/73bd613c804680e46df318e272f0e837?s=96&d=mm&r=g\",\"contentUrl\":\"https:\/\/secure.gravatar.com\/avatar\/73bd613c804680e46df318e272f0e837?s=96&d=mm&r=g\",\"caption\":\"Miguel Escalera Nieto\"}}]}<\/script>\n<!-- \/ Yoast SEO plugin. -->","yoast_head_json":{"title":"P DE PAP\u00c1 &#8902; Blog de Rayuelainfancia","robots":{"index":"index","follow":"follow","max-snippet":"max-snippet:-1","max-image-preview":"max-image-preview:large","max-video-preview":"max-video-preview:-1"},"canonical":"https:\/\/www.rayuelainfancia.com\/blog\/p-de-papa\/","og_locale":"es_ES","og_type":"article","og_title":"P DE PAP\u00c1 &#8902; Blog de Rayuelainfancia","og_description":"P de Pap\u00e1 es un \u00e1lbum ilustrado que nos cuenta las m\u00faltiples facetas que una persona asume en el rol de padre. Los pap\u00e1s pueden convertirse en gr\u00faas cuando necesitamos que nos saquen de un apuro; en tractores, cuando necesitamos que nos lleven a cuesta; en ambulancia, cuando estamos enfermos; en abrigo, cuando necesitamos que [&hellip;]","og_url":"https:\/\/www.rayuelainfancia.com\/blog\/p-de-papa\/","og_site_name":"Blog de Rayuelainfancia","article_publisher":"https:\/\/www.facebook.com\/pages\/Librer\u00eda-Rayuela\/251861686361","article_published_time":"2009-11-03T12:44:36+00:00","article_modified_time":"2016-11-22T13:40:00+00:00","og_image":[{"width":800,"height":800,"url":"https:\/\/www.rayuelainfancia.com\/blog\/wp-content\/uploads\/2009\/11\/p-de-papa.jpeg","type":"image\/jpeg"}],"twitter_card":"summary","twitter_creator":"@Rayuelainfancia","twitter_site":"@Rayuelainfancia","twitter_misc":{"Written by":"Miguel Escalera Nieto","Est. reading time":"1 minuto"},"schema":{"@context":"https:\/\/schema.org","@graph":[{"@type":"Organization","@id":"https:\/\/www.rayuelainfancia.com\/blog\/#organization","name":"Rayuelainfancia","url":"https:\/\/www.rayuelainfancia.com\/blog\/","sameAs":["https:\/\/www.facebook.com\/pages\/Librer\u00eda-Rayuela\/251861686361","https:\/\/www.youtube.com\/channel\/UCddVaoDjpTp-DexyEVoyazQ","https:\/\/twitter.com\/Rayuelainfancia"],"logo":{"@type":"ImageObject","@id":"https:\/\/www.rayuelainfancia.com\/blog\/#logo","inLanguage":"es","url":"https:\/\/www.rayuelainfancia.com\/blog\/wp-content\/uploads\/2018\/06\/logo-rayuelainfancia-color-corporativo.png","contentUrl":"https:\/\/www.rayuelainfancia.com\/blog\/wp-content\/uploads\/2018\/06\/logo-rayuelainfancia-color-corporativo.png","width":1200,"height":680,"caption":"Rayuelainfancia"},"image":{"@id":"https:\/\/www.rayuelainfancia.com\/blog\/#logo"}},{"@type":"WebSite","@id":"https:\/\/www.rayuelainfancia.com\/blog\/#website","url":"https:\/\/www.rayuelainfancia.com\/blog\/","name":"Blog de Rayuelainfancia","description":"Libros infantiles y juegos educaticos respestuosos con la infancia","publisher":{"@id":"https:\/\/www.rayuelainfancia.com\/blog\/#organization"},"potentialAction":[{"@type":"SearchAction","target":{"@type":"EntryPoint","urlTemplate":"https:\/\/www.rayuelainfancia.com\/blog\/?s={search_term_string}"},"query-input":"required name=search_term_string"}],"inLanguage":"es"},{"@type":"ImageObject","@id":"https:\/\/www.rayuelainfancia.com\/blog\/p-de-papa\/#primaryimage","inLanguage":"es","url":"https:\/\/www.rayuelainfancia.com\/blog\/wp-content\/uploads\/2009\/11\/p-de-papa.jpeg","contentUrl":"https:\/\/www.rayuelainfancia.com\/blog\/wp-content\/uploads\/2009\/11\/p-de-papa.jpeg","width":800,"height":800},{"@type":"WebPage","@id":"https:\/\/www.rayuelainfancia.com\/blog\/p-de-papa\/#webpage","url":"https:\/\/www.rayuelainfancia.com\/blog\/p-de-papa\/","name":"P DE PAP\u00c1 &#8902; Blog de Rayuelainfancia","isPartOf":{"@id":"https:\/\/www.rayuelainfancia.com\/blog\/#website"},"primaryImageOfPage":{"@id":"https:\/\/www.rayuelainfancia.com\/blog\/p-de-papa\/#primaryimage"},"datePublished":"2009-11-03T12:44:36+00:00","dateModified":"2016-11-22T13:40:00+00:00","breadcrumb":{"@id":"https:\/\/www.rayuelainfancia.com\/blog\/p-de-papa\/#breadcrumb"},"inLanguage":"es","potentialAction":[{"@type":"ReadAction","target":["https:\/\/www.rayuelainfancia.com\/blog\/p-de-papa\/"]}]},{"@type":"BreadcrumbList","@id":"https:\/\/www.rayuelainfancia.com\/blog\/p-de-papa\/#breadcrumb","itemListElement":[{"@type":"ListItem","position":1,"name":"Portada","item":"https:\/\/www.rayuelainfancia.com\/blog\/"},{"@type":"ListItem","position":2,"name":"P DE PAP\u00c1"}]},{"@type":"Article","@id":"https:\/\/www.rayuelainfancia.com\/blog\/p-de-papa\/#article","isPartOf":{"@id":"https:\/\/www.rayuelainfancia.com\/blog\/p-de-papa\/#webpage"},"author":{"@id":"https:\/\/www.rayuelainfancia.com\/blog\/#\/schema\/person\/41147ec5e3c2cc1be6e2c4520a099ebb"},"headline":"P DE PAP\u00c1","datePublished":"2009-11-03T12:44:36+00:00","dateModified":"2016-11-22T13:40:00+00:00","mainEntityOfPage":{"@id":"https:\/\/www.rayuelainfancia.com\/blog\/p-de-papa\/#webpage"},"wordCount":234,"commentCount":0,"publisher":{"@id":"https:\/\/www.rayuelainfancia.com\/blog\/#organization"},"image":{"@id":"https:\/\/www.rayuelainfancia.com\/blog\/p-de-papa\/#primaryimage"},"thumbnailUrl":"https:\/\/www.rayuelainfancia.com\/blog\/wp-content\/uploads\/2009\/11\/p-de-papa.jpeg","articleSection":["Actividades Cuentacuentos"],"inLanguage":"es","potentialAction":[{"@type":"CommentAction","name":"Comment","target":["https:\/\/www.rayuelainfancia.com\/blog\/p-de-papa\/#respond"]}]},{"@type":"Person","@id":"https:\/\/www.rayuelainfancia.com\/blog\/#\/schema\/person\/41147ec5e3c2cc1be6e2c4520a099ebb","name":"Miguel Escalera Nieto","image":{"@type":"ImageObject","@id":"https:\/\/www.rayuelainfancia.com\/blog\/#personlogo","inLanguage":"es","url":"https:\/\/secure.gravatar.com\/avatar\/73bd613c804680e46df318e272f0e837?s=96&d=mm&r=g","contentUrl":"https:\/\/secure.gravatar.com\/avatar\/73bd613c804680e46df318e272f0e837?s=96&d=mm&r=g","caption":"Miguel Escalera Nieto"}}]}},"_links":{"self":[{"href":"https:\/\/www.rayuelainfancia.com\/blog\/wp-json\/wp\/v2\/posts\/120"}],"collection":[{"href":"https:\/\/www.rayuelainfancia.com\/blog\/wp-json\/wp\/v2\/posts"}],"about":[{"href":"https:\/\/www.rayuelainfancia.com\/blog\/wp-json\/wp\/v2\/types\/post"}],"author":[{"embeddable":true,"href":"https:\/\/www.rayuelainfancia.com\/blog\/wp-json\/wp\/v2\/users\/3"}],"replies":[{"embeddable":true,"href":"https:\/\/www.rayuelainfancia.com\/blog\/wp-json\/wp\/v2\/comments?post=120"}],"version-history":[{"count":2,"href":"https:\/\/www.rayuelainfancia.com\/blog\/wp-json\/wp\/v2\/posts\/120\/revisions"}],"predecessor-version":[{"id":1310,"href":"https:\/\/www.rayuelainfancia.com\/blog\/wp-json\/wp\/v2\/posts\/120\/revisions\/1310"}],"wp:featuredmedia":[{"embeddable":true,"href":"https:\/\/www.rayuelainfancia.com\/blog\/wp-json\/wp\/v2\/media\/1309"}],"wp:attachment":[{"href":"https:\/\/www.rayuelainfancia.com\/blog\/wp-json\/wp\/v2\/media?parent=120"}],"wp:term":[{"taxonomy":"category","embeddable":true,"href":"https:\/\/www.rayuelainfancia.com\/blog\/wp-json\/wp\/v2\/categories?post=120"},{"taxonomy":"post_tag","embeddable":true,"href":"https:\/\/www.rayuelainfancia.com\/blog\/wp-json\/wp\/v2\/tags?post=120"}],"curies":[{"name":"wp","href":"https:\/\/api.w.org\/{rel}","templated":true}]}}